[{"@context":"https:\/\/schema.org\/","@type":"Article","@id":"https:\/\/www.isale.cz\/zdravi-prezidenta-jako-verejne-znama-vec\/#Article","mainEntityOfPage":"https:\/\/www.isale.cz\/zdravi-prezidenta-jako-verejne-znama-vec\/","headline":"Zdrav\u00ed prezidenta jako ve\u0159ejn\u011b zn\u00e1m\u00e1 v\u011bc?","name":"Zdrav\u00ed prezidenta jako ve\u0159ejn\u011b zn\u00e1m\u00e1 v\u011bc?","description":"Milo\u0161 Zeman je ve sv\u00e9m posledn\u00edm mo\u017en\u00e9m prezidentsk\u00e9m obdob\u00ed. Mand\u00e1t mu vypr\u0161\u00ed v&nbsp;b\u0159eznu 2023 a pak v\u00edme jist\u011b, \u017ee n\u00e1s \u010dek\u00e1 nov\u00fd \u010desk\u00fd prezident. Posledn\u00ed","datePublished":"2019-10-05","dateModified":"2023-05-25","author":{"@type":"Person","@id":"https:\/\/www.isale.cz\/author\/#Person","name":"","url":"https:\/\/www.isale.cz\/author\/","identifier":1,"image":{"@type":"ImageObject","@id":"https:\/\/secure.gravatar.com\/avatar\/dac37d998cdbc92cc7ee5d23d4d689a369122af40c5450007470acab45b61d68?s=96&d=mm&r=g","url":"https:\/\/secure.gravatar.com\/avatar\/dac37d998cdbc92cc7ee5d23d4d689a369122af40c5450007470acab45b61d68?s=96&d=mm&r=g","height":96,"width":96}},"publisher":{"@type":"Organization","name":"isale.cz","logo":{"@type":"ImageObject","@id":"\/logo.png","url":"\/logo.png","width":600,"height":60}},"image":{"@type":"ImageObject","@id":"https:\/\/www.isale.cz\/wp-content\/uploads\/img_a357501_w3905_t1572096679.png","url":"https:\/\/www.isale.cz\/wp-content\/uploads\/img_a357501_w3905_t1572096679.png","height":0,"width":0},"url":"https:\/\/www.isale.cz\/zdravi-prezidenta-jako-verejne-znama-vec\/","about":["Politika"],"wordCount":461,"articleBody":"Milo\u0161 Zeman je ve sv\u00e9m posledn\u00edm mo\u017en\u00e9m prezidentsk\u00e9m obdob\u00ed. Mand\u00e1t mu vypr\u0161\u00ed v&nbsp;b\u0159eznu 2023 a pak v\u00edme jist\u011b, \u017ee n\u00e1s \u010dek\u00e1 nov\u00fd \u010desk\u00fd prezident. Posledn\u00ed m\u011bs\u00edce se ale st\u00e1le \u010dast\u011bji mluv\u00ed o chatrn\u00e9m zdrav\u00ed hlavy st\u00e1tu.\tCo tr\u00e1p\u00ed Milo\u0161e Zemana? Posledn\u00ed dobou vid\u00edme, \u017ee se jeho zdravotn\u00ed stav zhor\u0161uje a to ho omezuje ve v\u00fdkonu prezidentsk\u00e9 funkce, nem\u016f\u017ee tolik cestovat na st\u00e1tn\u00ed n\u00e1v\u0161t\u011bvy, nevystupuje tak \u010dasto v&nbsp;proslovech a celkov\u011b vid\u00edme, \u017ee nen\u00ed tolik energick\u00fd, jak b\u00fdval.\t\tP\u0159iznal, \u017ee se jeho zdravotn\u00ed stav zhor\u0161il. V&nbsp;jednom z posledn\u00edch&nbsp;rozhovor\u016f \u0159ekl, co ho tr\u00e1p\u00ed:\t&middot;&nbsp;&nbsp;&nbsp;&nbsp;&nbsp;&nbsp;&nbsp;&nbsp; n\u00edzk\u00fd krevn\u00ed tlak\t&middot;&nbsp;&nbsp;&nbsp;&nbsp;&nbsp;&nbsp;&nbsp;&nbsp; bolesti nohou, kdy nedoch\u00e1z\u00ed na pravideln\u00e9 rehabilitace\t&middot;&nbsp;&nbsp;&nbsp;&nbsp;&nbsp;&nbsp;&nbsp;&nbsp; \u0161patn\u00fd sluch, aj.\tToto jsou zdravotn\u00ed komplikace, kter\u00e9 byly ofici\u00e1ln\u011b p\u0159izn\u00e1ny, co dal\u0161\u00edho pana prezidenta tr\u00e1p\u00ed, to nev\u00edme.\tHodn\u011b lid\u00ed se nech\u00e1v\u00e1 sly\u0161et, \u017ee bychom m\u011bli b\u00fdt pln\u011b informov\u00e1ni o tom, co s&nbsp;hlavou st\u00e1tu je nebo nen\u00ed v&nbsp;po\u0159\u00e1dku a dokonce, \u017ee, pokud je jeho zdravotn\u00ed stav tak \u0161patn\u00fd, by m\u011bl snad ze sv\u00e9 funkce odstoupit.\tNemysl\u00edme si to, zdrav\u00ed je ka\u017ed\u00e9ho soukrom\u00e1 a velmi osobn\u00ed v\u011bc a nen\u00ed povinnost\u00ed pana Milo\u0161e Zemana se sv\u011b\u0159ovat cel\u00e9mu st\u00e1tu, cel\u00e9mu sv\u011btu, i p\u0159es to, \u017ee je prezidentem \u010cesk\u00e9 republiky. Je to velice inteligentn\u00ed \u010dlov\u011bk, kter\u00fd, pokud by to bylo pot\u0159eba, by odstoupil a v\u011bnoval se s\u00e1m sob\u011b.\tM\u011bli bychom b\u00fdt trochu lid\u0161t\u011bj\u0161\u00ed a i s&nbsp;ohledem na politiku, politick\u00fd sv\u011bt bychom si m\u011bli \u0159\u00edct, \u017ee zdrav\u00ed, \u0161t\u011bst\u00ed a l\u00e1ska jsou doopravdy to nejd\u016fle\u017eit\u011bj\u0161\u00ed v&nbsp;na\u0161ich \u017eivotech a m\u011bli bychom se k&nbsp;sob\u011b chovat s&nbsp;\u00factou a pokorou.\t\tNez\u00e1le\u017e\u00ed na tom, jak dalece jsme nebo nejsme zn\u00e1m\u00e1 osobnost, jak moc se anga\u017eujeme v&nbsp;politice nebo komu jsme denn\u011b na o\u010d\u00edch, ale nikdo nem\u00e1 pr\u00e1vo na ur\u00e1\u017eky, ne\u00factu a dal\u0161\u00ed neadekv\u00e1tn\u00ed projevy.\t\u010cesk\u00e1 republika by se stala lep\u0161\u00ed zem\u00ed ne v&nbsp;moment\u011b, kdy bychom m\u011bli pln\u011b zdrav\u00e9ho a vit\u00e1ln\u00edho prezidenta, ale stane se lep\u0161\u00ed zem\u00ed, pokud za\u010dneme ka\u017ed\u00fd nejd\u0159\u00edve pracovat s\u00e1m na sob\u011b, a\u0165 jsme l\u00e9ka\u0159, \u00fa\u0159edn\u00edk, popel\u00e1\u0159, u\u010ditel, d\u011bln\u00edk nebo hlava st\u00e1tu.                                                                                                                                                                                                                                                                                                                                                                                        4.7\/5 - (3 votes)        "},{"@context":"https:\/\/schema.org\/","@type":"BreadcrumbList","itemListElement":[{"@type":"ListItem","position":1,"name":"Zdrav\u00ed prezidenta jako ve\u0159ejn\u011b zn\u00e1m\u00e1 v\u011bc?","item":"https:\/\/www.isale.cz\/zdravi-prezidenta-jako-verejne-znama-vec\/#breadcrumbitem"}]}]