[{"@context":"https:\/\/schema.org\/","@type":"Article","@id":"https:\/\/www.isale.cz\/uzijte-si-pohodu-i-na-malem-balkonu\/#Article","mainEntityOfPage":"https:\/\/www.isale.cz\/uzijte-si-pohodu-i-na-malem-balkonu\/","headline":"U\u017eijte si pohodu i na mal\u00e9m balkonu","name":"U\u017eijte si pohodu i na mal\u00e9m balkonu","description":"B\u011bhem l\u00e9ta, ale i tepl\u00e9 zimy m\u00e1te vyhr\u00e1no, pokud si m\u016f\u017eete v&nbsp;klidu sednou na zahradu nebo terasu. V\u011bt\u0161ina z&nbsp;n\u00e1s ale takov\u00e9 \u0161t\u011bst\u00ed nem\u00e1 a m\u016f\u017ee","datePublished":"2019-10-01","dateModified":"2023-05-25","author":{"@type":"Person","@id":"https:\/\/www.isale.cz\/author\/#Person","name":"","url":"https:\/\/www.isale.cz\/author\/","identifier":1,"image":{"@type":"ImageObject","@id":"https:\/\/secure.gravatar.com\/avatar\/dac37d998cdbc92cc7ee5d23d4d689a369122af40c5450007470acab45b61d68?s=96&d=mm&r=g","url":"https:\/\/secure.gravatar.com\/avatar\/dac37d998cdbc92cc7ee5d23d4d689a369122af40c5450007470acab45b61d68?s=96&d=mm&r=g","height":96,"width":96}},"publisher":{"@type":"Organization","name":"isale.cz","logo":{"@type":"ImageObject","@id":"\/logo.png","url":"\/logo.png","width":600,"height":60}},"image":{"@type":"ImageObject","@id":"https:\/\/www.isale.cz\/wp-content\/uploads\/img_a357715_w3905_t1572164597.jpg","url":"https:\/\/www.isale.cz\/wp-content\/uploads\/img_a357715_w3905_t1572164597.jpg","height":0,"width":0},"url":"https:\/\/www.isale.cz\/uzijte-si-pohodu-i-na-malem-balkonu\/","about":["D\u016fm a zahrada"],"wordCount":469,"articleBody":"B\u011bhem l\u00e9ta, ale i tepl\u00e9 zimy m\u00e1te vyhr\u00e1no, pokud si m\u016f\u017eete v&nbsp;klidu sednou na zahradu nebo terasu. V\u011bt\u0161ina z&nbsp;n\u00e1s ale takov\u00e9 \u0161t\u011bst\u00ed nem\u00e1 a m\u016f\u017ee pracovat jen a pouze s&nbsp;mal\u00fdm prostorem na balkonu. Jak si tam vytvo\u0159it p\u0159\u00edjemn\u00fd a klidn\u00fd koutek, kter\u00fd si m\u016f\u017eete kdykoli u\u017e\u00edt?\t\tZamyslete se nad m\u00edstem\tKa\u017ed\u00fd balkon je jinak velk\u00fd a velk\u00fd rozd\u00edl tak\u00e9 je, pokud tam ji\u017e m\u00e1te n\u011bjak\u00fd n\u00e1bytek, nebo ne. Zm\u011b\u0159te si p\u0159esn\u011b, kolik z&nbsp;prostoru m\u016f\u017eete naplno vyu\u017e\u00edt. Nezapom\u00ednejte ani na to, \u017ee se tam mus\u00edte pohodln\u011b pohybovat. Velk\u00e1 k\u0159esla vypadaj\u00ed kr\u00e1sn\u011b, ale pokud v\u00e1m budou p\u0159ek\u00e1\u017eet ve vchodu, tak ho tam ned\u00e1vejte.\t&nbsp;\tTip: Skv\u011bl\u00fdm pomocn\u00edkem se m\u016f\u017ee st\u00e1t jednodu\u0161e vyst\u0159i\u017een\u00fd pap\u00edr. Zm\u011b\u0159te si p\u0159edem n\u00e1bytek, kter\u00fd chcete po\u0159\u00eddit a m\u00edry vyst\u0159ihn\u011bte z&nbsp;pap\u00edru. Polo\u017ete je na podlahu a snadno uvid\u00edte, jestli se tam v&nbsp;klidu vejdou \u017eidle se stolem i vy sami.\t\t\u0160ikovn\u00fd materi\u00e1l\tJste fanou\u0161ci kovu? To je samoz\u0159ejm\u011b v&nbsp;po\u0159\u00e1dku. Na m\u00edsto, kam pra\u017e\u00ed slun\u00ed\u010dko se ale moc nehod\u00ed. Na venkovn\u00ed posezen\u00ed se mnohem v\u00edc hod\u00ed d\u0159evo, p\u0159\u00edpadn\u011b plast. Ani jeden z&nbsp;t\u011bchto materi\u00e1l\u016f se nerozpaluje a t\u00edm p\u00e1dem bude b\u011bhem l\u00e9ta mnohem p\u0159\u00edjemn\u011bj\u0161\u00ed.\t&nbsp;\tRozhodnout se mus\u00edte podle vlastn\u00edch preferenc\u00ed, ale tak\u00e9 mo\u017enostech \u00fadr\u017eby. U d\u0159eva mus\u00edte po\u010d\u00edtat s&nbsp;trochu slo\u017eit\u011bj\u0161\u00ed p\u00e9\u010d\u00ed, proto\u017ee ho mus\u00edte pravideln\u011b lakovat a starat se o n\u011bj. Na druhou stranu plast sta\u010d\u00ed jen ot\u0159\u00edt vlhk\u00fdm hadrem, p\u0159\u00edpadn\u011b vodou s&nbsp;jarem.\t&nbsp;\tZpest\u0159ete si \u017eivot jasn\u00fdmi barvami\tP\u011bstovat m\u016f\u017eete jak okrasn\u00e9 kv\u011btiny, tak i bylinky. V&nbsp;zahradnick\u00e9m obchod\u011b snadno objev\u00edte nejr\u016fzn\u011bj\u0161\u00ed z\u00e1v\u011bsn\u00e9 kv\u011btn\u00edky, stejn\u011b jako konstrukce ke zdi, kter\u00e9 tam jen postav\u00edte a m\u016f\u017eete na n\u011b tak\u00e9 n\u011bco zav\u011bsit. Pot\u00e9 je jen na v\u00e1s, jestli zvol\u00edte bazalku a pa\u017eitku, anebo karafi\u00e1ty.\t&nbsp;\tVytvo\u0159\u00edte tak za p\u00e1r korun n\u00e1dhern\u00fd dekorativn\u00ed prvek, kter\u00fd v\u00e1m budou z\u00e1vid\u011bt v\u0161ichni sousedi. Um\u00edstit v\u00edce kv\u011btin se v\u016fbec nebojte. D\u00edky nim si m\u016f\u017eete i na velmi mal\u00e9m m\u00edst\u011b vytvo\u0159it \u00fa\u017easnou o\u00e1zu klidu. Ud\u011blejte si tam drobn\u00fd \u010dtec\u00ed koutek pln\u00fd p\u0159\u00edrody a u\u017eijte si ka\u017edou volnou chvilku.                                                                                                                                                                                                                                                                                                                                                                                        4.1\/5 - (9 votes)        "},{"@context":"https:\/\/schema.org\/","@type":"BreadcrumbList","itemListElement":[{"@type":"ListItem","position":1,"name":"U\u017eijte si pohodu i na mal\u00e9m balkonu","item":"https:\/\/www.isale.cz\/uzijte-si-pohodu-i-na-malem-balkonu\/#breadcrumbitem"}]}]