[{"@context":"https:\/\/schema.org\/","@type":"Article","@id":"https:\/\/www.isale.cz\/sijeme-aranzujeme-tvorime\/#Article","mainEntityOfPage":"https:\/\/www.isale.cz\/sijeme-aranzujeme-tvorime\/","headline":"\u0160ijeme, aran\u017eujeme, tvo\u0159\u00edme","name":"\u0160ijeme, aran\u017eujeme, tvo\u0159\u00edme","description":"Milujeme m\u00f3du, kombinujeme st\u0159ihy, vzory, materi\u00e1ly. V\u011bd\u011bli jste, \u017ee flau\u0161 je st\u00e1le v kurzu? A to nejen pro svou h\u0159ejivou vlastnost. Poj\u010fme si o n\u011bm","datePublished":"2021-12-26","dateModified":"2023-05-25","author":{"@type":"Person","@id":"https:\/\/www.isale.cz\/author\/#Person","name":"","url":"https:\/\/www.isale.cz\/author\/","identifier":1,"image":{"@type":"ImageObject","@id":"https:\/\/secure.gravatar.com\/avatar\/dac37d998cdbc92cc7ee5d23d4d689a369122af40c5450007470acab45b61d68?s=96&d=mm&r=g","url":"https:\/\/secure.gravatar.com\/avatar\/dac37d998cdbc92cc7ee5d23d4d689a369122af40c5450007470acab45b61d68?s=96&d=mm&r=g","height":96,"width":96}},"publisher":{"@type":"Organization","name":"isale.cz","logo":{"@type":"ImageObject","@id":"\/logo.png","url":"\/logo.png","width":600,"height":60}},"image":{"@type":"ImageObject","@id":"https:\/\/www.isale.cz\/wp-content\/uploads\/%C5%A1%C3%A1tky.jpg","url":"https:\/\/www.isale.cz\/wp-content\/uploads\/%C5%A1%C3%A1tky.jpg","height":0,"width":0},"url":"https:\/\/www.isale.cz\/sijeme-aranzujeme-tvorime\/","about":["IT"],"wordCount":556,"articleBody":"        Milujeme m\u00f3du, kombinujeme st\u0159ihy, vzory, materi\u00e1ly. V\u011bd\u011bli jste, \u017ee flau\u0161 je st\u00e1le v kurzu? A to nejen pro svou h\u0159ejivou vlastnost. Poj\u010fme si o n\u011bm \u0159\u00edct v\u00edce. Ano, je to tak, flau\u0161 je st\u00e1le \u010dasto vyhled\u00e1van\u00fdm materi\u00e1lem pro svrchn\u00ed kousky oble\u010den\u00ed. Co je vlastn\u011b flau\u0161? Flau\u0161 je siln\u011b h\u0159ejiv\u00e1 l\u00e1tka. Tkanina z tzv. mykan\u00e9 vlny, kter\u00e1 se vyzna\u010duje sv\u00fdm objemn\u00fdm (vlasov\u00fdm) povrchem, kter\u00fd je zm\u011bk\u010dov\u00e1n tzv. po\u010des\u00e1n\u00edm za mokra. Vyr\u00e1b\u00ed se tedy protk\u00e1n\u00edm dvou osnov (neboli \u00fatk\u016f) nad sebou. Technologie, kterou se flau\u0161 vyr\u00e1b\u00ed se naz\u00fdv\u00e1 valchov\u00e1n\u00ed. V\u011bd\u011bli jste, \u017ee tento flau\u0161 je obl\u00edben\u00fdm v\u00fdrobn\u00edm materi\u00e1lem nejen pro klasick\u00e9 d\u00e1msk\u00e9 a p\u00e1nsk\u00e9 pl\u00e1\u0161t\u011b, saka, bundy, ale tak\u00e9 na potahy kule\u010dn\u00edkov\u00fdch stol\u016f? Pro \u017eeny \u0161vadlenky se nab\u00edz\u00ed nep\u0159ebern\u00e9 mno\u017estv\u00ed l\u00e1tek a materi\u00e1l\u016f, tak\u00e9 ji\u017e zm\u00edn\u011bn\u00fd flau\u0161. Na Prima obchod si m\u016f\u017eete objedn\u00e1vat metr\u00e1\u017en\u00ed textil za p\u0159\u00edzniv\u00e9 ceny. Sta\u010d\u00ed si jen zvolit produkt, o kter\u00fd m\u00e1te z\u00e1jem a zobraz\u00ed se v\u00e1m nejen popis produktu, ale tak\u00e9 slo\u017een\u00ed, vlastnosti a \u00fadr\u017eba materi\u00e1lu, technika \u0161it\u00ed. K dispozici budete m\u00edt tak\u00e9 na v\u00fdb\u011br z n\u011bkolika barev a typu flau\u0161e (oboustrann\u00fd dvoubarevn\u00fd nebo vln\u011bn\u00fd jednobarevn\u00fd). Na sv\u00e9 si ale p\u0159ijde ka\u017ed\u00e1 \u017eena, proto\u017ee na Prima obchod se v\u00e1m otev\u0159e \u201csv\u011bt l\u00e1tek\u201d. V \u0161irok\u00e9 nab\u00eddce najdete: Bavln\u011bn\u00e9 l\u00e1tky Pl\u00e1tna Dekoran\u010dn\u00ed l\u00e1tky Fleece, ko\u017ee\u0161ina Juta, filc, korek Ko\u010d\u00e1rkovina, protiskluz, such\u00fd zip a f\u00f3lie Ko\u017eenky Semi\u0161 Krajky a t\u0159\u00e1sn\u011b Ln\u011bn\u00e9 l\u00e1tky a spoustu dal\u0161\u00edho Krom\u011b materi\u00e1l\u016f se m\u016f\u017eete t\u011b\u0161it tak\u00e9 na v\u00fdb\u011br z kor\u00e1lk\u016f, bi\u017euterie, m\u00f3dn\u00edch dopl\u0148k\u016f, obal\u016f a vybaven\u00ed. Pro \u0161ikulky jsou tu materi\u00e1ly ke tvo\u0159en\u00ed a aran\u017eov\u00e1n\u00ed. A nakonec jeden tip na tvo\u0159en\u00ed. Proto\u017ee se zima ne\u00faprosn\u011b bl\u00ed\u017e\u00ed ke konci a co nevid\u011bt se p\u0159ehoupne do jarn\u00edch dn\u016f, poj\u010fme si uk\u00e1zat n\u00e1vod na jarn\u00ed tvo\u0159en\u00ed\u010dko. C\u00edlem je u\u0161\u00edt si velikono\u010dn\u00edho zaj\u00ed\u010dka nebo tulip\u00e1n. Poj\u010fme na to. \u0160\u00edt budeme po rubu, zde si mus\u00edme nechat dostate\u010dn\u011b velk\u00fd otvor na p\u0159eto\u010den\u00ed, napln\u00edme dut\u00fdm vl\u00e1knem a dokon\u010d\u00edme ru\u010dn\u00edm skryt\u00fdm stehem. Podle st\u0159ihu vyst\u0159ihn\u011bte (+ 1cm) dva kusy z l\u00e1tky. Vyst\u0159i\u017een\u00e9 d\u00edly p\u0159ilo\u017ete l\u00edc k l\u00edci a se\u0161pendlete. Oba d\u00edly k sob\u011b se\u0161ijte, nezapome\u0148te na otvor pro oto\u010den\u00ed. Nyn\u00ed si m\u016f\u017eeme zast\u0159ihnout v\u0161echny rohy, z\u00e1st\u0159ihy do z\u00e1hyb\u016f. Se\u0161itou, odst\u0159ihnutou l\u00e1tku p\u0159eto\u010dte na l\u00edc (mo\u017eno pou\u017e\u00edt \u00fazk\u00e9 n\u016f\u017eky, dlouhou pinzetu). Po\u0159\u00e1dn\u011b protla\u010dte v\u0161echny rohy a z\u00e1hyby. M\u016f\u017eeme i vy\u017eehlit. Kone\u010dn\u011b vypln\u00edme dekoraci dut\u00fdm vl\u00e1knem (v u\u017e\u0161\u00edch m\u00edstech si pomozte \u0161pejl\u00ed).                                                                                                                                                                                                                                                                                                                                                                                           4.6\/5 - (7 votes)        "},{"@context":"https:\/\/schema.org\/","@type":"BreadcrumbList","itemListElement":[{"@type":"ListItem","position":1,"name":"\u0160ijeme, aran\u017eujeme, tvo\u0159\u00edme","item":"https:\/\/www.isale.cz\/sijeme-aranzujeme-tvorime\/#breadcrumbitem"}]}]