[{"@context":"https:\/\/schema.org\/","@type":"Article","@id":"https:\/\/www.isale.cz\/rej-masek-v-benatkach\/#Article","mainEntityOfPage":"https:\/\/www.isale.cz\/rej-masek-v-benatkach\/","headline":"Rej masek v Ben\u00e1tk\u00e1ch","name":"Rej masek v Ben\u00e1tk\u00e1ch","description":"V\u00e1no\u010dn\u00ed sv\u00e1tky jsou za n\u00e1mi a m\u00e1me tu \u010das pro zimn\u00ed dovolenou. Pokud nejste milovn\u00edk zimn\u00edch sport\u016f nebo m\u00e1te ly\u017ea\u0159skou dovolenou u\u017e napl\u00e1novanou a p\u0159em\u00fd\u0161l\u00edte,","datePublished":"2016-11-19","dateModified":"2023-05-25","author":{"@type":"Person","@id":"https:\/\/www.isale.cz\/author\/#Person","name":"","url":"https:\/\/www.isale.cz\/author\/","identifier":1,"image":{"@type":"ImageObject","@id":"https:\/\/secure.gravatar.com\/avatar\/dac37d998cdbc92cc7ee5d23d4d689a369122af40c5450007470acab45b61d68?s=96&d=mm&r=g","url":"https:\/\/secure.gravatar.com\/avatar\/dac37d998cdbc92cc7ee5d23d4d689a369122af40c5450007470acab45b61d68?s=96&d=mm&r=g","height":96,"width":96}},"publisher":{"@type":"Organization","name":"isale.cz","logo":{"@type":"ImageObject","@id":"\/logo.png","url":"\/logo.png","width":600,"height":60}},"image":{"@type":"ImageObject","@id":"https:\/\/www.isale.cz\/wp-content\/uploads\/img_a278894_w3905_t1602568816.jpg","url":"https:\/\/www.isale.cz\/wp-content\/uploads\/img_a278894_w3905_t1602568816.jpg","height":0,"width":0},"url":"https:\/\/www.isale.cz\/rej-masek-v-benatkach\/","about":["Lifestyle"],"wordCount":400,"articleBody":"\tV\u00e1no\u010dn\u00ed sv\u00e1tky jsou za n\u00e1mi a m\u00e1me tu \u010das pro zimn\u00ed dovolenou. Pokud nejste milovn\u00edk zimn\u00edch sport\u016f nebo m\u00e1te ly\u017ea\u0159skou dovolenou u\u017e napl\u00e1novanou a p\u0159em\u00fd\u0161l\u00edte, \u010d\u00edm si zimu je\u0161t\u011b zpest\u0159it, nav\u0161tivte karneval v Ben\u00e1tk\u00e1ch.\tJestli\u017ee bude n\u011bkdo mluvit o sv\u011btov\u011b proslul\u00e9m karnevalu, bude se jist\u011b jednat bu\u010f o karneval v Riu nebo v Ben\u00e1tk\u00e1ch. Oba karnevaly jsou velkou ud\u00e1lost\u00ed a v\u017edy p\u0159it\u00e1hnou spousty turist\u016f, kte\u0159\u00ed cht\u011bj\u00ed vid\u011bt z\u00e1plavu \u00fachvatn\u00fdch kost\u00fdm\u016f.\t\tPrav\u00e9 ben\u00e1tsk\u00e9 kost\u00fdmy maj\u00ed vysokou hodnotu a d\u011bd\u00ed se z generace na generaci, podobn\u011b jako tomu bylo u \u010desk\u00fdch a moravsk\u00fdch kroj\u016f. Samoz\u0159ejm\u011b si p\u0159i n\u00e1v\u0161t\u011bv\u011b Ben\u00e1tek m\u016f\u017eete tak\u00e9 n\u011bjak\u00fd kost\u00fdm koupit &#8211; a\u0165 u\u017e se bude jednat o d\u00edlo z luxusn\u00edch materi\u00e1l\u016f nebo o cenov\u011b dostupn\u011bj\u0161\u00ed variantu, p\u0159\u00edpadn\u011b jen \u0161krabo\u0161ku. Ale atmosf\u00e9ru ben\u00e1tsk\u00e9ho karnevalu si jist\u011b u\u017eijete i jako pozorovatel.\tPrvn\u00ed zm\u00ednka o slavnostech poch\u00e1z\u00ed z roku 1094. Ofici\u00e1ln\u00edm sv\u00e1tkem v tehdej\u0161\u00ed Ben\u00e1tsk\u00e9 republice je od roku 1296, ale tak, jak jej zn\u00e1me nyn\u00ed, se slav\u00ed od konce 18. stolet\u00ed.\tDatum karnevalu je stejn\u011b jako datum Velikonoc pohybliv\u00e9 &#8211; za\u010d\u00edn\u00e1 druh\u00fdm dnem sv\u00e1tku Bo\u017e\u00edho narozen\u00ed a kon\u010d\u00ed v \u00fater\u00fd p\u0159ed Popele\u010dn\u00ed st\u0159edou. Tentokr\u00e1t tedy p\u0159ipad\u00e1 na 23.1. &#8211; 9.2.2017. Cel\u00e9 toto obdob\u00ed je nabit\u00e9 plesy, koncerty, ma\u0161karn\u00edmi pr\u016fvody, spoustou divadeln\u00edch p\u0159edstaven\u00ed a oh\u0148ostroj\u016f. Karneval uzav\u00edr\u00e1 velk\u00fd ples na n\u00e1m\u011bt\u00ed Sv. Marka.\t\tU\u017eijte si m\u011bsto naplnoTo v\u0161e se nav\u00edc d\u011bje na pozad\u00ed \u00fachvatn\u00e9ho m\u011bsta zn\u00e1m\u00e9ho svoj\u00ed romantickou atmosf\u00e9rou. Kdy\u017e u\u017e zde budete, nezapome\u0148te nav\u0161t\u00edvit krom\u011b n\u00e1m\u011bst\u00ed a baziliky Sv. Marka tak\u00e9 v\u0161em zn\u00e1m\u00fd most Rialto.Ve m\u011bst\u011b je nespo\u010det n\u00e1dhern\u00fdch kostel\u016f a pal\u00e1c\u016f, z nich\u017e nejzn\u00e1m\u011bj\u0161\u00ed je D\u00f3\u017eec\u00ed pal\u00e1c a most Vzdech\u016f, po kter\u00e9m \u00fadajn\u011b vedli do bl\u00edzk\u00e9ho v\u011bzen\u00ed slavn\u00e9ho Giacoma Casanovu. Proje\u010fte se gondolou a u\u017eijte si a\u017e do posledn\u00edho momentu kouzlo tohoto \u00fa\u017easn\u00e9ho m\u011bsta.                                                                                                                                                                                                                                                                                                                                                                                        4.5\/5 - (10 votes)        "},{"@context":"https:\/\/schema.org\/","@type":"BreadcrumbList","itemListElement":[{"@type":"ListItem","position":1,"name":"Rej masek v Ben\u00e1tk\u00e1ch","item":"https:\/\/www.isale.cz\/rej-masek-v-benatkach\/#breadcrumbitem"}]}]