[{"@context":"https:\/\/schema.org\/","@type":"Article","@id":"https:\/\/www.isale.cz\/barva-a-motiv-obalu-na-huawei-p20-lite-odrazi-vas-zivotni-styl\/#Article","mainEntityOfPage":"https:\/\/www.isale.cz\/barva-a-motiv-obalu-na-huawei-p20-lite-odrazi-vas-zivotni-styl\/","headline":"Barva a motiv obalu na Huawei P20 Lite odr\u00e1\u017e\u00ed v\u00e1\u0161 \u017eivotn\u00ed styl","name":"Barva a motiv obalu na Huawei P20 Lite odr\u00e1\u017e\u00ed v\u00e1\u0161 \u017eivotn\u00ed styl","description":"Tak\u00e9 m\u00e1te n\u011bkdy n\u00e1ladu p\u0159eh\u00e1zet v byt\u011b n\u00e1bytek, rozm\u00edstit jej jinak a u\u017e\u00edt si jeho novou polohu, p\u0159\u00edpadn\u011b zm\u011bnit celou koncepci, anebo jen nahradit st\u00e1vaj\u00edc\u00ed","datePublished":"2020-12-26","dateModified":"2023-05-25","author":{"@type":"Person","@id":"https:\/\/www.isale.cz\/author\/#Person","name":"","url":"https:\/\/www.isale.cz\/author\/","identifier":1,"image":{"@type":"ImageObject","@id":"https:\/\/secure.gravatar.com\/avatar\/dac37d998cdbc92cc7ee5d23d4d689a369122af40c5450007470acab45b61d68?s=96&d=mm&r=g","url":"https:\/\/secure.gravatar.com\/avatar\/dac37d998cdbc92cc7ee5d23d4d689a369122af40c5450007470acab45b61d68?s=96&d=mm&r=g","height":96,"width":96}},"publisher":{"@type":"Organization","name":"isale.cz","logo":{"@type":"ImageObject","@id":"\/logo.png","url":"\/logo.png","width":600,"height":60}},"image":{"@type":"ImageObject","@id":"https:\/\/www.isale.cz\/wp-content\/uploads\/mobil%20se%20silikonov%C3%BDm%20obalem.jpg","url":"https:\/\/www.isale.cz\/wp-content\/uploads\/mobil%20se%20silikonov%C3%BDm%20obalem.jpg","height":0,"width":0},"url":"https:\/\/www.isale.cz\/barva-a-motiv-obalu-na-huawei-p20-lite-odrazi-vas-zivotni-styl\/","about":["V\u00fdrobky"],"wordCount":433,"articleBody":"   Tak\u00e9 m\u00e1te n\u011bkdy n\u00e1ladu p\u0159eh\u00e1zet v byt\u011b n\u00e1bytek, rozm\u00edstit jej jinak a u\u017e\u00edt si jeho novou polohu, p\u0159\u00edpadn\u011b zm\u011bnit celou koncepci, anebo jen nahradit st\u00e1vaj\u00edc\u00ed barvy jin\u00fdmi odst\u00edny? Nen\u00ed to nic neobvykl\u00e9ho a modern\u00ed psychologie tomu p\u0159ikl\u00e1d\u00e1 i d\u016fle\u017eitost vzhledem k tomu, \u017ee ka\u017ed\u00e1 \u017eiv\u00e1 bytost m\u00e1 v sob\u011b obrovsk\u00fd tv\u016fr\u010d\u00ed potenci\u00e1l a touhu po zm\u011bn\u011b a pro\u017e\u00edv\u00e1n\u00ed n\u011b\u010deho nov\u00e9ho, dosud nezn\u00e1m\u00e9ho.To sam\u00e9 se t\u00fdk\u00e1 i od\u011bv\u016f, lid\u00e9 skute\u010dn\u011b sebev\u011bdom\u00ed a svobodn\u00ed se r\u00e1di obl\u00e9kaj\u00ed do v\u00fdrazn\u00fdch barev, kter\u00e9 podtrhuj\u00ed jejich individualitu, a tak\u00e9 je r\u00e1di st\u0159\u00eddaj\u00ed. Uv\u011bdomuj\u00ed si jejich v\u00fdznam, nejen z hlediska teploty barev, ale i p\u016fsoben\u00ed na psychiku \u2013 n\u00e1ladu. Je tedy v\u00fdhodn\u00e9 m\u00edt v \u0161atn\u00edku v\u00edce tri\u010dek, ko\u0161il, kalhot v r\u016fzn\u00fdch barv\u00e1ch a je \u0161koda, \u017ee \u0159ada modern\u00edch sm\u011br\u016f ned\u00e1v\u00e1 barv\u00e1m takovou p\u0159ednost, jakou by si zaslou\u017eily. \u017divot nen\u00ed zkr\u00e1tka jen o \u0161ed\u00e9 a \u010dern\u00e9.St\u0159\u00edd\u00e1n\u00ed od\u011bv\u016f podle barev zkvalit\u0148uje a prodlu\u017euje \u017eivot, stejn\u011b tak r\u016fzn\u00e9 od\u011bvn\u00ed a bytov\u00e9 dopl\u0148ky. Pat\u0159\u00ed sem i p\u0159\u00edstroje, kter\u00e9 m\u00e1me ka\u017ed\u00fd den po ruce, a jsou sou\u010d\u00e1st\u00ed na\u0161eho \u017eivota \u2013 mobiln\u00ed telefony.Z\u00e1le\u017e\u00ed v\u00e1m na vzhledu obalu na mobil?Nebo jej vyb\u00edr\u00e1te z ryze praktick\u00e9ho hlediska? Pak byste m\u011bli v\u011bd\u011bt, \u017ee na\u0161e podv\u011bdom\u00ed zaznamen\u00e1v\u00e1 zrakov\u00e9 vjemy i zd\u00e1nliv\u011b nev\u00fdznamn\u00e9. Neust\u00e1l\u00fd kontakt s mobilem se z psychologick\u00e9ho hlediska d\u00e1 p\u0159irovnat ke kojenci a jeho matce \u2013 ten bez n\u00ed \u201eneud\u011bl\u00e1 ani r\u00e1nu\u201c a p\u0159iznejme si, \u017ee my bez mobilu mnohdy tak\u00e9 ne. Pohled na barvu od\u011bvu m\u00e1 tedy podobn\u00fd v\u00fdznam, jako ka\u017edodenn\u00ed barevn\u00fd vjem obalu na Huawei P20 Lite M\u00f3dn\u00ed mobil.A\u0165 u\u017e se rozhodnete pro silikonov\u00e9 pouzdro, nebo ve tvaru kn\u00ed\u017eky, m\u011bli byste db\u00e1t na barevn\u00e9 proveden\u00ed i na typ motivu. Ve sv\u00e9m z\u00e1jmu se vyh\u00fdbejte tmav\u00fdm barv\u00e1m, kter\u00e9 sp\u00ed\u0161e odeb\u00edraj\u00ed energii, stejn\u011b jako negativn\u00ed symboly r\u016fzn\u00fdch temn\u00fdch \u017eivotn\u00edch styl\u016f. V\u00e1\u0161 \u017eivot m\u016f\u017ee kr\u00e1sn\u011b o\u017eivit tyrkysov\u00e1, hr\u00e1\u0161kov\u011b zelen\u00e1, r\u016f\u017eov\u00e1, b\u00edl\u00e1, \u010derven\u00e1, \u017elut\u00e1 i zlat\u00e1, vd\u011b\u010dn\u00e9 jsou motivy kv\u011btin, mot\u00fdl\u016f, mandal a roztomil\u00fdch zv\u00ed\u0159\u00e1tek.                                                                                                                                                                                                                                                                                                                                                                                          4.4\/5 - (9 votes)        "},{"@context":"https:\/\/schema.org\/","@type":"BreadcrumbList","itemListElement":[{"@type":"ListItem","position":1,"name":"Barva a motiv obalu na Huawei P20 Lite odr\u00e1\u017e\u00ed v\u00e1\u0161 \u017eivotn\u00ed styl","item":"https:\/\/www.isale.cz\/barva-a-motiv-obalu-na-huawei-p20-lite-odrazi-vas-zivotni-styl\/#breadcrumbitem"}]}]